{"id":1,"date":"2026-01-11T13:00:00","date_gmt":"2026-01-11T16:00:00","guid":{"rendered":"http:\/\/www.mamercedesmaclean.com.ar\/?p=1"},"modified":"2026-01-13T19:30:24","modified_gmt":"2026-01-13T22:30:24","slug":"hola-mundo","status":"publish","type":"post","link":"http:\/\/www.mamercedesmaclean.com.ar\/?p=1","title":{"rendered":"\u00a1Hola mundo!"},"content":{"rendered":"<p>&nbsp;<\/p>\n<table>\n<tbody>\n<tr>\n<td align=\"center\" valign=\"top\"><span style=\"color: #000000;\"><img loading=\"lazy\" decoding=\"async\" src=\"http:\/\/www.mamercedesmaclean.com.ar\/images\/yo03.jpg\" alt=\"\" width=\"345\" height=\"260\" border=\"0\" \/><\/span><\/td>\n<td><center>\u00a0\u00a0\u00a0\u00a0\u00a0\u00a0\u00a0\u00a0\u00a0\u00a0\u00a0\u00a0\u00a0\u00a0\u00a0\u00a0\u00a0\u00a0\u00a0\u00a0<\/center><span style=\"color: #000000;\">\u00a0<\/span><\/td>\n<\/tr>\n<tr>\n<td style=\"text-align: left;\" valign=\"top\"><strong>Nac\u00ed en Montevideo, un 14 de Septiembre&#8230; Hace ya muchos a\u00f1os. Hay en mi vida muchos planes que quiz\u00e1 se empiezan a concretar en el 2026. El pasado fue un a\u00f1o diferente, la<\/strong><strong>\u00a0casa de Laura y Juan, mi departamento, al fondo, con jard\u00edn y huerta, sigo sintiendo que cada d\u00eda se tiene la edad del alma, se trabaja y se sirve de acuerdo a un compromiso y a una elecci\u00f3n de vida&#8230;<\/strong><\/p>\n<p><strong><em>Mi amado Gaspy sigue en mi memoria. Y como no lo olvido puedes leer mi recuerdo eterno, en su p\u00e1gina: Gaspy. <\/em><\/strong><\/p>\n<p><strong><em>Y mi amiga, aquella que no ten\u00eda nombre. La que llamamos Michicats tambi\u00e9n sigue en la memoria de todos nosotros, era muy hermosa. <\/em><\/strong><\/p>\n<p><strong><em>Y ahora se nos acaba de ir la hermosa y sin igual Laia, m\u00e1s que nunca la estamos extra\u00f1ando aunque Cheetara, su hija: Chinita y Denu siguen ac\u00e1, con Nicolas. <\/em><\/strong><\/p>\n<p><strong><em>Hay algunos cuentos, -ya habr\u00e1 para Laia-\u00a0 de Michi, tiene varios: Pueden leerlos en Mis sitios, a la derecha. Tambi\u00e9n una novela que cuenta su vida.<\/em><\/strong><br \/>\n<strong>Y tenemos a Irigoyen, un audaz, cazador y mimoso negro, m\u00e1s conocido como Iri en SENDEL, la casa en Punta<\/strong><strong>:<\/strong><\/td>\n<td><\/td>\n<\/tr>\n<\/tbody>\n<\/table>\n<p><center>Siguen los Proyectos<\/center><\/p>\n<p style=\"text-align: center;\" align=\"center\"><strong><a href=\"http:\/\/www.mamercedesmaclean.com.ar\/wp-content\/uploads\/2023\/10\/iri1.jpg\"><img loading=\"lazy\" decoding=\"async\" class=\"wp-image-157 alignright\" src=\"http:\/\/www.mamercedesmaclean.com.ar\/wp-content\/uploads\/2023\/10\/iri1-225x300.jpg\" alt=\"\" width=\"170\" height=\"227\" srcset=\"http:\/\/www.mamercedesmaclean.com.ar\/wp-content\/uploads\/2023\/10\/iri1-225x300.jpg 225w, http:\/\/www.mamercedesmaclean.com.ar\/wp-content\/uploads\/2023\/10\/iri1.jpg 300w\" sizes=\"auto, (max-width: 170px) 100vw, 170px\" \/><\/a><\/strong><\/p>\n<p align=\"center\">Y se fue el 2025\u00a0 y est\u00e1, como nuevo fans, Iri, en Punta<\/p>\n<p align=\"center\"><a href=\"http:\/\/www.mamercedesmaclean.com.ar\/wp-content\/uploads\/2023\/10\/iri2924-1.jpg\"><img loading=\"lazy\" decoding=\"async\" class=\"aligncenter size-medium wp-image-177\" src=\"http:\/\/www.mamercedesmaclean.com.ar\/wp-content\/uploads\/2023\/10\/iri2924-1-169x300.jpg\" alt=\"\" width=\"169\" height=\"300\" srcset=\"http:\/\/www.mamercedesmaclean.com.ar\/wp-content\/uploads\/2023\/10\/iri2924-1-169x300.jpg 169w, http:\/\/www.mamercedesmaclean.com.ar\/wp-content\/uploads\/2023\/10\/iri2924-1-576x1024.jpg 576w, http:\/\/www.mamercedesmaclean.com.ar\/wp-content\/uploads\/2023\/10\/iri2924-1-768x1365.jpg 768w, http:\/\/www.mamercedesmaclean.com.ar\/wp-content\/uploads\/2023\/10\/iri2924-1-864x1536.jpg 864w, http:\/\/www.mamercedesmaclean.com.ar\/wp-content\/uploads\/2023\/10\/iri2924-1.jpg 1152w\" sizes=\"auto, (max-width: 169px) 100vw, 169px\" \/><\/a><\/p>\n<p align=\"center\">E-mail: mamemaclean@gmail.com<\/p>\n<p align=\"center\"><a href=\"mailto:gaspyy@arnet.com.ar\">gaspyy60@gmail.com<\/a><\/p>\n<p align=\"center\"><a href=\"mailto:3m@proyectoleonardo.com.ar\">mailto:<\/a><\/p>\n<p align=\"center\"><a href=\"mailto:3m@proyectoleonardo.com.ar\">macleanarias@gmail.com<\/a><\/p>\n<p align=\"center\"><a href=\"https:\/\/michicatsdepalacios.wordpress.com\">La pagina de Michi<\/a><\/p>\n<p align=\"center\"><strong><em>Veremos que se trae el 2026, en principio, el 2025 trajo el Doctorado a \u00c1lvaro<\/em><\/strong><\/p>\n<p>&nbsp;<\/p>\n","protected":false},"excerpt":{"rendered":"<p>&nbsp; \u00a0\u00a0\u00a0\u00a0\u00a0\u00a0\u00a0\u00a0\u00a0\u00a0\u00a0\u00a0\u00a0\u00a0\u00a0\u00a0\u00a0\u00a0\u00a0\u00a0\u00a0 Nac\u00ed en Montevideo, un 14 de Septiembre&#8230; Hace ya muchos a\u00f1os. Hay en mi vida muchos planes que quiz\u00e1 se empiezan a concretar en el 2026. El pasado fue un a\u00f1o diferente, la\u00a0casa de Laura y Juan, mi departamento, al fondo, con jard\u00edn y huerta, sigo sintiendo que cada d\u00eda se tiene la [&hellip;]<\/p>\n","protected":false},"author":1,"featured_media":0,"comment_status":"open","ping_status":"open","sticky":false,"template":"","format":"standard","meta":{"footnotes":""},"categories":[1],"tags":[],"class_list":["post-1","post","type-post","status-publish","format-standard","hentry","category-sin-categoria"],"_links":{"self":[{"href":"http:\/\/www.mamercedesmaclean.com.ar\/index.php?rest_route=\/wp\/v2\/posts\/1","targetHints":{"allow":["GET"]}}],"collection":[{"href":"http:\/\/www.mamercedesmaclean.com.ar\/index.php?rest_route=\/wp\/v2\/posts"}],"about":[{"href":"http:\/\/www.mamercedesmaclean.com.ar\/index.php?rest_route=\/wp\/v2\/types\/post"}],"author":[{"embeddable":true,"href":"http:\/\/www.mamercedesmaclean.com.ar\/index.php?rest_route=\/wp\/v2\/users\/1"}],"replies":[{"embeddable":true,"href":"http:\/\/www.mamercedesmaclean.com.ar\/index.php?rest_route=%2Fwp%2Fv2%2Fcomments&post=1"}],"version-history":[{"count":94,"href":"http:\/\/www.mamercedesmaclean.com.ar\/index.php?rest_route=\/wp\/v2\/posts\/1\/revisions"}],"predecessor-version":[{"id":199,"href":"http:\/\/www.mamercedesmaclean.com.ar\/index.php?rest_route=\/wp\/v2\/posts\/1\/revisions\/199"}],"wp:attachment":[{"href":"http:\/\/www.mamercedesmaclean.com.ar\/index.php?rest_route=%2Fwp%2Fv2%2Fmedia&parent=1"}],"wp:term":[{"taxonomy":"category","embeddable":true,"href":"http:\/\/www.mamercedesmaclean.com.ar\/index.php?rest_route=%2Fwp%2Fv2%2Fcategories&post=1"},{"taxonomy":"post_tag","embeddable":true,"href":"http:\/\/www.mamercedesmaclean.com.ar\/index.php?rest_route=%2Fwp%2Fv2%2Ftags&post=1"}],"curies":[{"name":"wp","href":"https:\/\/api.w.org\/{rel}","templated":true}]}}